{"id":4223,"date":"2022-02-17T14:44:45","date_gmt":"2022-02-17T14:44:45","guid":{"rendered":"https:\/\/www.growbyginkgo.com\/?p=4223"},"modified":"2022-02-18T15:52:00","modified_gmt":"2022-02-18T15:52:00","slug":"historia-de-una-ciudad","status":"publish","type":"post","link":"https:\/\/www.growbyginkgo.com\/es\/2022\/02\/17\/historia-de-una-ciudad\/","title":{"rendered":"Historia de una ciudad"},"content":{"rendered":"<div class=\"grow-wordpress-block core-paragraph\"><div class=\"block-content\"><div class=\"block-wrapper\"><div class=\"content-wrapper\">\n<p class=\"has-drop-cap has-no-background\"><span class=\"small-caps\">Es dif\u00edcil discernir<\/span> d\u00f3nde termina Laredo, Texas y d\u00f3nde empieza Nuevo Laredo, M\u00e9xico. Un paseo r\u00e1pido por la zona equivale a un curso expr\u00e9s sobre la arbitrariedad de las fronteras. Laredo es una ciudad, una misma gente, atravesada por la mitad por una franja de defensa militarizada.<\/p>\n<\/div><\/div><\/div><\/div>\n\n<div class=\"grow-wordpress-block core-paragraph\"><div class=\"block-content\"><div class=\"block-wrapper\"><div class=\"content-wrapper\">\n<p class=\"has-no-background\">La secci\u00f3n vertical de la frontera, que se adapt\u00f3 al curso del R\u00edo Grande, ha sido bastante transitada a lo largo de la historia. A diario pasan por los controles fronterizos personas que van de trabajo, gente que va de compras y menores que van a la escuela. Por las noches, se escucha el estruendo de los camiones de carga que van y vienen en ambas direcciones, llevando productos y dinero. Parejas y familias de ambos pa\u00edses interact\u00faan a trav\u00e9s de esta l\u00ednea divisoria, la cual adopta distintas formas: un puente, un r\u00edo, una barrera alta, una reja baja, un parque, un centro comercial. Son las interacciones ordinarias de una misma comunidad, a pesar de los drones que la sobrevuelan, los cientos de agentes fronterizos armados que la patrullan y el ruido blanco de las noticias amarillistas de Fox News. Caminar por Laredo o Nuevo Laredo y conversar con gente de ambos lados \u2014que no son del todo mexicanos ni estadounidenses, sino algo muy \u00fanico y particular\u2014 hace que la ficci\u00f3n oficial de la frontera, de la migraci\u00f3n legal e ilegal, deje de tener sentido. Laredo nos da una buena idea de lo que habr\u00edamos perdido con el muro de Trump, as\u00ed como de lo que s\u00ed perdimos cuando la Covid-19 le dio al expresidente razones para cerrar la frontera. Las dos ciudades se distanciaron a\u00fan m\u00e1s de la noche a la ma\u00f1ana. La identidad compartida, que se basaba en la interacci\u00f3n constante, de pronto se fisur\u00f3. Los controles fronterizos se cerraron para limitar el cruce de la frontera \u00fanicamente a \u201cviajeros esenciales\u201d; es decir, ciudadanos estadounidenses (que, a pesar de la crisis, pod\u00edan cruzar de un lado a otro), residentes y mexicanos que viajaran por trabajo acreditado, razones m\u00e9dicas o prop\u00f3sitos educativos. La patrulla fronteriza redobl\u00f3 esfuerzos. Mucha gente perdi\u00f3 su trabajo. Parejas y familias se separaron. Con esta nueva divisi\u00f3n, las diferencias entre la vida de un lado y del otro se exacerb\u00f3 de forma repentina.<\/p>\n<\/div><\/div><\/div><\/div>\n\n<div class=\"grow-wordpress-block core-paragraph\"><div class=\"block-content\"><div class=\"block-wrapper\"><div class=\"content-wrapper\">\n<p class=\"has-background-squiggle\">Las diferencias siempre hab\u00edan estado ah\u00ed, sin duda. Para empezar, est\u00e1 la calidad de las vialidades. Mientras que Laredo tiene una red de supercarreteras y calles pavimentadas a la perfecci\u00f3n, las calles de Nuevo Laredo est\u00e1n llenas de baches y grietas en el cemento. Las disparidades en materia de salud son menos visibles, pero igual de palpables. Los residentes del lado estadounidense suelen cruzar la frontera para comprar medicamentos o ir al dentista, pues ambas cosas son m\u00e1s econ\u00f3micas al sur, mientras que los residentes del lado mexicano visitan Estados Unidos en busca de tratamientos m\u00e9dicos de vanguardia, cuando pueden costearlos. Tras el bloqueo de marzo de 2020, ambos lados se quedaron con sus propios problemas, y la comunidad que acostumbraba recurrir a sus redes de apoyo al otro lado de la frontera se vio obligada a buscar ayuda en su propio pa\u00eds. Las familias divididas por la frontera enfrentaron disyuntivas similares, pero con recursos abismalmente distintos. As\u00ed fue como dos gobiernos le fallaron a una comunidad.<\/p>\n<\/div><\/div><\/div><\/div>\n\n<div class=\"grow-wordpress-block core-heading\"><div class=\"block-content\"><div class=\"block-wrapper\"><div class=\"content-wrapper\">\n<h2 class=\"wp-block-heading\" id=\"haganle-como-puedan\"><strong>H\u00e1ganle como puedan<\/strong><\/h2>\n<\/div><\/div><\/div><\/div>\n\n<div class=\"grow-wordpress-block core-paragraph\"><div class=\"block-content\"><div class=\"block-wrapper\"><div class=\"content-wrapper\">\n<p class=\"has-no-background\">El mal manejo de la pandemia de Covid-19 por parte del gobierno mexicano le resultar\u00e1 familiar al lector estadounidense. El presidente Andr\u00e9s Manuel L\u00f3pez Obrador arranc\u00f3 la temporada pand\u00e9mica con declaraciones que le restaban importancia a la gravedad del virus, diciendo cosas como \u201ces otro coronavirus nom\u00e1s\u201d. Durante los primeros meses de la crisis, L\u00f3pez Obrador segu\u00eda yendo a comer a restaurantes e instaba a la poblaci\u00f3n mexicana a hacer lo mismo para impulsar la econom\u00eda del sector. En sus conferencias de prensa diarias, descart\u00f3 el uso de mascarillas y afirm\u00f3 que sus amuletos y estampitas de santos lo proteg\u00edan del virus. Para entonces, M\u00e9xico ya figuraba entre los primeros lugares de muertes por Covid.<\/p>\n<\/div><\/div><\/div><\/div>\n\n<div class=\"grow-wordpress-block core-paragraph\"><div class=\"block-content\"><div class=\"block-wrapper\"><div class=\"content-wrapper\">\n<p class=\"has-no-background\">Al igual que Trump, L\u00f3pez Obrador valoraba las apariencias m\u00e1s que el impacto, pero la diferencia es que \u00e9l lo hac\u00eda en un pa\u00eds con una problem\u00e1tica sanitaria a\u00fan mayor que la de Estados Unidos. Asimismo, el r\u00e9gimen de pruebas limitadas le permiti\u00f3 al gobierno maquillar las cifras de los fallecimientos por el nuevo virus. De hecho, por presi\u00f3n de los medios de comunicaci\u00f3n, fue indispensable hacer un recuento de las cifras reportadas al comienzo de la pandemia, las cuales eran mucho mayores de lo que hab\u00eda afirmado el gobierno. (Por ejemplo, el 30 de junio de 2021, el conteo oficial de fallecimientos era de 220,000, pero la secretar\u00eda de salud consideraba que la cifra real rondaba los 350,000.)<\/p>\n<\/div><\/div><\/div><\/div>\n\n<div class=\"grow-wordpress-block core-paragraph\"><div class=\"block-content\"><div class=\"block-wrapper\"><div class=\"content-wrapper\">\n<p class=\"has-no-background\">La estrategia nacional de L\u00f3pez Obrador se enfoc\u00f3 en aumentar la capacidad hospitalaria, en parte para enmascarar las d\u00e9cadas de negligencia y falta de financiamiento al sector salud. Las autoridades instaron a la gente a quedarse en casa para evitar saturar los hospitales y le dieron un giro tradicional al discurso. En lugar de decirle a la gente \u201ch\u00e1ganle como puedan\u201d, le dijeron: \u201cah\u00ed tienen a su familia\u201d. \u201cPara enfrentar esta crisis de salud no basta con los hospitales, se requiere de la participaci\u00f3n de la gente\u201d, declar\u00f3 el presidente el 26 de marzo de 2020. \u201c[E]n M\u00e9xico, como en otros pueblos, la familia es la instituci\u00f3n de seguridad social m\u00e1s importante [\u2026] Estamos acudiendo al apoyo de las familias mexicanas para proteger a nuestros adultos mayores, para cuidar a enfermos de diabetes, de hipertensi\u00f3n, de padecimientos renales, a madres, mujeres embarazadas.\u201d Por si fuera poco, agreg\u00f3: \u201cTenemos por eso millones de enfermeras\u201d, refiri\u00e9ndose a que son las mujeres quienes acostumbran realizar la labor de cuidados en los hogares. A pesar de que la familia deb\u00eda ser el n\u00facleo de la respuesta de M\u00e9xico frente a la crisis, result\u00f3 ser uno de sus epicentros.<\/p>\n<\/div><\/div><\/div><\/div>\n\n<div class=\"grow-wordpress-block core-heading\"><div class=\"block-content\"><div class=\"block-wrapper\"><div class=\"content-wrapper\">\n<h2 class=\"wp-block-heading\" id=\"una-tragedia-familiar\"><strong>Una tragedia familiar<\/strong><\/h2>\n<\/div><\/div><\/div><\/div>\n\n<div class=\"grow-wordpress-block core-paragraph\"><div class=\"block-content\"><div class=\"block-wrapper\"><div class=\"content-wrapper\">\n<p class=\"has-no-background\">Juan Raymundo Gonz\u00e1lez Arreazola fue una de las primeras personas en contagiarse de Covid-19 en Nuevo Laredo. Dado que era enfermero, supo qu\u00e9 hacer de inmediato. En lugar de pedirle a su familia que lo cuidara, mand\u00f3 a su esposa y a su beb\u00e9 a otro lado y se aisl\u00f3 en su propia casa. Hizo lo mejor que pudo para combatir los s\u00edntomas, pero su salud se deterior\u00f3 muy r\u00e1pido. Una semana despu\u00e9s, pidi\u00f3 una ambulancia para ir al hospital. Desde ah\u00ed, empez\u00f3 a enviarles mensajes frecuentes a su familia, hasta que un d\u00eda los mensajes dejaron de llegar. El 9 de mayo, a la edad de 31 a\u00f1os, Raymundo se convirti\u00f3 en una de las primeras v\u00edctimas mortales del coronavirus en la ciudad. Ese d\u00eda, a las 10 de la noche, el padre de Raymundo contest\u00f3 el tel\u00e9fono y recibi\u00f3 la noticia de la muerte de su hijo; se desmay\u00f3 de la impresi\u00f3n.<\/p>\n<\/div><\/div><\/div><\/div>\n\n<div class=\"grow-wordpress-block core-image\"><div class=\"block-content\"><div class=\"block-wrapper\"><div class=\"content-wrapper\">\n<div class=\"wp-block-image\"><figure class=\"alignright size-large\"><img loading=\"lazy\" decoding=\"async\" width=\"1024\" height=\"1024\" src=\"https:\/\/www.growbyginkgo.com\/wp-content\/uploads\/2022\/01\/04-The-Arreazolas-1024x1024.jpg\" alt=\"\" class=\"wp-image-4323\" srcset=\"https:\/\/www.growbyginkgo.com\/wp-content\/uploads\/2022\/01\/04-The-Arreazolas-1024x1024.jpg 1024w, https:\/\/www.growbyginkgo.com\/wp-content\/uploads\/2022\/01\/04-The-Arreazolas-300x300.jpg 300w, https:\/\/www.growbyginkgo.com\/wp-content\/uploads\/2022\/01\/04-The-Arreazolas-150x150.jpg 150w, https:\/\/www.growbyginkgo.com\/wp-content\/uploads\/2022\/01\/04-The-Arreazolas-768x768.jpg 768w, https:\/\/www.growbyginkgo.com\/wp-content\/uploads\/2022\/01\/04-The-Arreazolas-1536x1536.jpg 1536w, https:\/\/www.growbyginkgo.com\/wp-content\/uploads\/2022\/01\/04-The-Arreazolas-2048x2048.jpg 2048w, https:\/\/www.growbyginkgo.com\/wp-content\/uploads\/2022\/01\/04-The-Arreazolas-295x295.jpg 295w, https:\/\/www.growbyginkgo.com\/wp-content\/uploads\/2022\/01\/04-The-Arreazolas-590x590.jpg 590w\" sizes=\"auto, (max-width: 1024px) 100vw, 1024px\" \/><figcaption>Rosalinda Arreazola, de pie junto a su hijo Orlando, en su casa de Nuevo Laredo. Son los \u00fanicos dos sobrevivientes de su familia, y sostienen fotograf\u00edas de Juan Raymundo padre, Juan Raymundo hijo y Pablo, quienes fallecieron de Covid en 2020.<\/figcaption><\/figure><\/div>\n<\/div><\/div><\/div><\/div>\n\n<div class=\"grow-wordpress-block core-paragraph\"><div class=\"block-content\"><div class=\"block-wrapper\"><div class=\"content-wrapper\">\n<p class=\"has-no-background\">Rosalinda Arreazola, la madre de Raymundo, le puso un altar a su hijo mayor en la banqueta, pues estaba prohibido hacer funerales. Mucha gente de la comunidad sali\u00f3 a darle el p\u00e9same, mientras que otras personas se cruzaban la calle por temor a contagiarse del virus. Despu\u00e9s de aquella tragedia, Rosalinda y su hijo menor, Orlando, decidieron dejar de ir a trabajar. En cambio, su esposo de 57 a\u00f1os, quien trabajaba en una agencia aduanal, se neg\u00f3 a dejar su empleo. Al poco tiempo, tanto Orlando como su padre se contagiaron de Covid-19.<\/p>\n<\/div><\/div><\/div><\/div>\n\n<div class=\"grow-wordpress-block core-paragraph\"><div class=\"block-content\"><div class=\"block-wrapper\"><div class=\"content-wrapper\">\n<p class=\"has-no-background\">De haber sobrevivido, Juan Raymundo habr\u00eda disuadido a su madre de cuidar a su esposo y a su hijo en casa. A falta de ese consejo, Rosalinda pas\u00f3 aquellas semanas yendo de una cama a otra, tom\u00e1ndoles la temperatura y d\u00e1ndoles medicamentos. Su hijo de en medio, Pablo, que era seminarista, decidi\u00f3 ayudarla, pero no pudieron hacer gran cosa. El esposo de Rosalinda muri\u00f3 en sus brazos. \u201cMi esposo nunca acept\u00f3 la muerte de su primer hijo, y s\u00e9 que la tristeza que sinti\u00f3 fue lo que nos lo arrebat\u00f3\u201d, declar\u00f3.<\/p>\n<\/div><\/div><\/div><\/div>\n\n<div class=\"grow-wordpress-block core-paragraph\"><div class=\"block-content\"><div class=\"block-wrapper\"><div class=\"content-wrapper\">\n<p class=\"has-no-background\">Poco despu\u00e9s de que internaran a Orlando en cuidados intensivos, Pablo se enferm\u00f3 y tambi\u00e9n necesit\u00f3 hospitalizaci\u00f3n. Pero, mientras que Orlando se iba recuperando poco a poco, la salud de Pablo se deterioraba con rapidez. Le suplic\u00f3 a su madre que lo llevara a casa, pero cuatro d\u00edas despu\u00e9s falleci\u00f3, a los 28 a\u00f1os de edad. Rosalinda no sabe c\u00f3mo ha logrado aguantar esta pesadilla, y s\u00f3lo hay un detalle que la consuela: \u201cLe agradezco a Dios que mi esposo no se enterara de la muerte de su segundo hijo\u201d.<\/p>\n<\/div><\/div><\/div><\/div>\n\n<div class=\"grow-wordpress-block core-paragraph\"><div class=\"block-content\"><div class=\"block-wrapper\"><div class=\"content-wrapper\">\n<p class=\"has-no-background\">La tragedia de la familia Gonz\u00e1lez Arreazola es un microcosmos de lo que se vio en todo el pa\u00eds: la p\u00e9rdida de cientos de miles de vidas y el esbozo de los huecos crecientes en la red de seguridad social mexicana. Y los empleados del sector salud han sido los m\u00e1s afectados por esta tragedia; al momento de escribir este reportaje, ninguna naci\u00f3n hab\u00eda perdido tanto personal m\u00e9dico como M\u00e9xico. El epicentro mexicano de la Covid-19 son los barrios populares y de bajos recursos, llenos de hogares donde conviven varias generaciones, como los Gonz\u00e1lez Arreazola. La mayor\u00eda de estos barrios est\u00e1n en ciudades grandes, por lo que ciudades peque\u00f1as, como Nuevo Laredo, han recibido muchos menos recursos. Los hospitales no ten\u00edan suficientes camas UCI, medicamentos ni lo m\u00e1s importante: m\u00e9dicos adecuados. Mucha gente decidi\u00f3 monitorear su salud en casa con ox\u00edmetros. Otras personas adquirieron tanques de ox\u00edgeno en el mercado negro. Otras m\u00e1s recurrieron a remedios caseros \u2014como t\u00e9s\u2014 o sustancias de dudosa procedencia \u2014como cloro o suplementos cuya efectividad no estaba demostrada\u2014. Junto con la prevalencia de otros padecimientos subyacentes, esto garantiz\u00f3 que M\u00e9xico tuviera durante mucho tiempo una de las tasas de mortalidad entre pacientes intubados m\u00e1s alta del mundo.<\/p>\n<\/div><\/div><\/div><\/div>\n\n<div class=\"grow-wordpress-block core-heading\"><div class=\"block-content\"><div class=\"block-wrapper\"><div class=\"content-wrapper\">\n<h2 class=\"wp-block-heading\" id=\"la-comunidad-se-pone-a-la-altura\"><strong>La comunidad se pone a la altura<\/strong><\/h2>\n<\/div><\/div><\/div><\/div>\n\n<div class=\"grow-wordpress-block core-paragraph\"><div class=\"block-content\"><div class=\"block-wrapper\"><div class=\"content-wrapper\">\n<p class=\"has-no-background\">Roberto Garc\u00eda, cardi\u00f3logo de 33 a\u00f1os que vive en Nuevo Laredo, vio lo que se avecinaba. Cuando se registraron los primeros casos en M\u00e9xico, a principios de 2020, Garc\u00eda contact\u00f3 a las autoridades sanitarias de Nuevo Laredo para instarlas a tomar medidas de precauci\u00f3n. Visit\u00f3 algunos hospitales locales y descubri\u00f3 que no ten\u00edan planes de contingencia ni equipo b\u00e1sico, como camas UCI, ventiladores y equipo de protecci\u00f3n personal. En cuesti\u00f3n de meses, los hospitales de la ciudad se saturaron y gran cantidad de m\u00e9dicos empez\u00f3 a perder la vida a causa de la Covid-19.<\/p>\n<\/div><\/div><\/div><\/div>\n\n<div class=\"grow-wordpress-block core-paragraph\"><div class=\"block-content\"><div class=\"block-wrapper\"><div class=\"content-wrapper\">\n<p class=\"has-no-background\">Garc\u00eda ten\u00eda claro que se necesitaba una respuesta comunitaria. A falta de un liderazgo efectivo de parte de los pol\u00edticos y los funcionarios del sistema de salud, la gente ten\u00eda que ponerse a la altura de las circunstancias y ayudarse entre s\u00ed. Garc\u00eda empez\u00f3 a llevar un registro de las muertes de personal m\u00e9dico en una p\u00e1gina de Facebook mucho antes de que el gobierno federal reconociera que se trataba de una crisis. Su grupo de Facebook no tard\u00f3 en amasar miles de miembros ansiosos por obtener informaci\u00f3n confiable que no llegaba a trav\u00e9s de los canales oficiales. Cuando los hospitales se saturaron, el grupo se llen\u00f3 de publicaciones sobre lugares o personas que rentaban tanques de ox\u00edgeno. Cuando empezaron a escasear las pruebas de Covid-19, la gente empez\u00f3 a compartir la ubicaci\u00f3n de los lugares donde las realizaban.<\/p>\n<\/div><\/div><\/div><\/div>\n\n<div class=\"grow-wordpress-block core-image\"><div class=\"block-content\"><div class=\"block-wrapper\"><div class=\"content-wrapper\">\n<div class=\"wp-block-image\"><figure class=\"alignleft size-large is-resized\"><img loading=\"lazy\" decoding=\"async\" src=\"https:\/\/www.growbyginkgo.com\/wp-content\/uploads\/2022\/01\/01-Dr.-Victor-Trevin\u0303o-1024x1024.jpg\" alt=\"\" class=\"wp-image-4327\" width=\"1024\" height=\"1024\" srcset=\"https:\/\/www.growbyginkgo.com\/wp-content\/uploads\/2022\/01\/01-Dr.-Victor-Trevin\u0303o-1024x1024.jpg 1024w, https:\/\/www.growbyginkgo.com\/wp-content\/uploads\/2022\/01\/01-Dr.-Victor-Trevin\u0303o-300x300.jpg 300w, https:\/\/www.growbyginkgo.com\/wp-content\/uploads\/2022\/01\/01-Dr.-Victor-Trevin\u0303o-150x150.jpg 150w, https:\/\/www.growbyginkgo.com\/wp-content\/uploads\/2022\/01\/01-Dr.-Victor-Trevin\u0303o-768x768.jpg 768w, https:\/\/www.growbyginkgo.com\/wp-content\/uploads\/2022\/01\/01-Dr.-Victor-Trevin\u0303o-1536x1536.jpg 1536w, https:\/\/www.growbyginkgo.com\/wp-content\/uploads\/2022\/01\/01-Dr.-Victor-Trevin\u0303o-2048x2048.jpg 2048w, https:\/\/www.growbyginkgo.com\/wp-content\/uploads\/2022\/01\/01-Dr.-Victor-Trevin\u0303o-295x295.jpg 295w, https:\/\/www.growbyginkgo.com\/wp-content\/uploads\/2022\/01\/01-Dr.-Victor-Trevin\u0303o-590x590.jpg 590w\" sizes=\"auto, (max-width: 1024px) 100vw, 1024px\" \/><figcaption>V\u00edctor Trevi\u00f1o, funcionario de salud de Laredo, en su consultorio privado. El doctor Trevi\u00f1o y un equipo de especialistas sanitarios han encabezado la respuesta de la ciudad a la pandemia de la Covid-19.<\/figcaption><\/figure><\/div>\n<\/div><\/div><\/div><\/div>\n\n<div class=\"grow-wordpress-block core-paragraph\"><div class=\"block-content\"><div class=\"block-wrapper\"><div class=\"content-wrapper\">\n<p class=\"has-no-background\">Este hero\u00edsmo cotidiano result\u00f3 ser contagioso y absorbi\u00f3 a Lourdes de Le\u00f3n, una planeadora de eventos de 37 a\u00f1os que participaba de forma muy activa en la comunidad de Facebook creada por Garc\u00eda. Dado que no hab\u00eda fiestas que planear, decidi\u00f3 concentrar toda su energ\u00eda en el apoyo mutuo. De Le\u00f3n, quien desde antes apoyaba a gente vulnerable de su entorno \u2014por ejemplo, llev\u00e1ndole de comer con frecuencia a un vecino de la tercera edad\u2014 ampli\u00f3 su rango de acci\u00f3n. La sala de su casa est\u00e1 llena de frutas y verduras maduras que le donan durante sus colectas de alimentos. \u201cHay mucha necesidad en Nuevo Laredo\u201d, dice la madre de dos, quien adem\u00e1s encontr\u00f3 formas de estirar hasta el \u00faltimo peso donado y producir cubrebocas con una m\u00e1quina de coser prestada y caretas hechas con botellas de Coca Cola. En tiempos dif\u00edciles, esas peque\u00f1as intervenciones interpersonales marcan la diferencia entre la vida o la muerte.<\/p>\n<\/div><\/div><\/div><\/div>\n\n<div class=\"grow-wordpress-block core-paragraph\"><div class=\"block-content\"><div class=\"block-wrapper\"><div class=\"content-wrapper\">\n<p class=\"has-no-background\">Del otro lado del R\u00edo Bravo, el doctor V\u00edctor Trevi\u00f1o, jefe del departamento de salud de Laredo, est\u00e1 ocupado lidiando con el otro lado de la moneda de la crisis. Trevi\u00f1o da reportes medi\u00e1ticos semanales desde su oficina, la cual arregl\u00f3 como un estudio de grabaci\u00f3n improvisado con un elaborado equipo de iluminaci\u00f3n. Frente al fondo virtual de un cuarto de hospital impoluto que sirve para ocultar las pilas de papeles a sus espaldas, y ostentando sus habituales gafas gruesas de pasta, el m\u00e9dico familiar de 73 a\u00f1os elige un tono sobrio pero contundente para transmitir la gravedad de la crisis en desarrollo: falta de camas UCI y de personal sanitario, incremento de contagios entre menores que asisten a las escuelas reci\u00e9n reabiertas. Intenta no generar p\u00e1nico, pero tampoco maquilla los hechos. En mayo de 2020, la ciudad contempla la creaci\u00f3n de una zona de contenci\u00f3n pedi\u00e1trica en preparaci\u00f3n para el excedente de casos producidos por un nuevo brote. \u201cQue Dios nos ayude si llegamos a ese punto\u201d, dice el doctor Trevi\u00f1o.<\/p>\n<\/div><\/div><\/div><\/div>\n\n<div class=\"grow-wordpress-block core-paragraph\"><div class=\"block-content\"><div class=\"block-wrapper\"><div class=\"content-wrapper\">\n<p class=\"has-no-background\">Al igual que su ciudad hermana, Laredo no estaba preparada para la pandemia, pero al menos al norte de la frontera los funcionarios p\u00fablicos actuaron con rapidez. El 15 de marzo de 2020, la ciudad declar\u00f3 la emergencia sanitaria p\u00fablica y estableci\u00f3 las pol\u00edticas m\u00e1s restrictivas de todo el estado, que incluyeron el cierre de negocios no esenciales, como restaurantes, bares, centros comerciales y gimnasios. Adem\u00e1s, el ayuntamiento de la ciudad fue el primero en el pa\u00eds en decretar el uso obligatorio de cubrebocas. Aun as\u00ed, los casos se dispararon por falta de equipo de protecci\u00f3n personal, falta de pruebas diagn\u00f3sticas y la cercan\u00eda con M\u00e9xico. La movilidad inherente de la ciudad intensific\u00f3 la amenaza de por s\u00ed ubicua de contagios. Por ejemplo, los conductores de camiones de carga que trasladan productos entre pa\u00edses pasan por Laredo cuando cruzan la frontera. Y los residentes de ambas ciudades siguieron cruzando la frontera, tanto de forma legal como ilegal. Y la falta de pruebas diagn\u00f3sticas en Nuevo Laredo empez\u00f3 a volverse un problema para ambas ciudades.<\/p>\n<\/div><\/div><\/div><\/div>\n\n<div class=\"grow-wordpress-block core-paragraph\"><div class=\"block-content\"><div class=\"block-wrapper\"><div class=\"content-wrapper\">\n<p class=\"has-no-background\">Trevi\u00f1o, cuya familia ha vivido en Laredo desde su \u201cfundaci\u00f3n\u201d, hace dos siglos, siempre se ha enorgullecido de mantenerse al margen de la pol\u00edtica. Pero en esta crisis decidi\u00f3 exigirle al gobernador de Texas, Greg Abbott, que se pusiera a la altura de las circunstancias y defendiera los intereses sanitarios de su ciudad. Luego presion\u00f3 a la alcald\u00eda para que impusieran un toque de queda que limitara el movimiento humano entre las 10 p.m. y las 6 a.m. y les orden\u00f3 a los hospitales que proveyeran equipo de protecci\u00f3n personal a todo el personal sanitario. Luego puso en cuarentena dos centros de detenci\u00f3n privados que usaban los alguaciles y las autoridades migratorias y aduanales de Estados Unidos, lo cual no fue del agrado del entonces fiscal general William Barr. En agosto de 2020, cuando hubo un brote de Covid-19 en la A&amp;M International University de Texas, Trevi\u00f1o emiti\u00f3 la orden de poner en cuarentena a estudiantes y empleados de la universidad, pero el gobierno estatal la revoc\u00f3 al poco tiempo. Por ese tipo de cosas, se hizo de varios enemigos en el primer a\u00f1o de la pandemia.<\/p>\n<\/div><\/div><\/div><\/div>\n\n<div class=\"grow-wordpress-block core-paragraph\"><div class=\"block-content\"><div class=\"block-wrapper\"><div class=\"content-wrapper\">\n<p class=\"has-no-background\">A pesar de que Trevi\u00f1o y sus colegas tomaran medidas oportunas, Laredo se convirti\u00f3 en una de las ciudades estadounidenses m\u00e1s afectadas por el virus. En comparaci\u00f3n con otras ciudades del estado, las autoridades la desfavorecieron de forma dr\u00e1stica. En los dos hospitales locales (que prestan servicio a una poblaci\u00f3n de m\u00e1s de 260,000 personas), hab\u00eda pacientes siendo tratados en los pasillos por falta de espacio. Otros hac\u00edan largas filas para recibir remdesivir, el entonces tratamiento especulativo para la infecci\u00f3n. Para cuando lleg\u00f3 el invierno, Laredo ten\u00eda la mayor cifra de casos positivos y hospitalizaciones per c\u00e1pita en el estado. No obstante, la ciudad sigui\u00f3 reactiv\u00e1ndose.<\/p>\n<\/div><\/div><\/div><\/div>\n\n<div class=\"grow-wordpress-block core-paragraph\"><div class=\"block-content\"><div class=\"block-wrapper\"><div class=\"content-wrapper\">\n<p class=\"has-no-background\">Ricardo Cigarroa, prominente cardi\u00f3logo de la comunidad a quien se le ha apodado \u201cel doctor Fauci del sur de Texas\u201d, no tiene reparos en atribuir la cantidad de fallecimientos a la falta de liderazgo. \u201cAl gobierno de nuestra ciudad, a las autoridades estatales, a nuestro gobernador les digo: nos est\u00e1n fallando\u201d, afirm\u00f3 durante una transmisi\u00f3n de Facebook Live a finales de enero de 2021. Aquella oleada alcanz\u00f3 su punto m\u00e1ximo en enero; en ese entonces, Cigarroa firmaba entre cuatro y cinco certificados de defunci\u00f3n al d\u00eda. Adem\u00e1s, la llegada de suministros m\u00e9dicos a la ciudad era lenta y poco fiable. Cigarroa ten\u00eda la fuerte sospecha de que el alto porcentaje de poblaci\u00f3n latina de su ciudad la convert\u00eda en el plato de segunda mesa de los funcionarios estatales.<\/p>\n<\/div><\/div><\/div><\/div>\n\n<div class=\"grow-wordpress-block core-heading\"><div class=\"block-content\"><div class=\"block-wrapper\"><div class=\"content-wrapper\">\n<h2 class=\"wp-block-heading\" id=\"distribucion-inequitativa-de-las-vacunas\"><strong>Distribuci\u00f3n inequitativa de las vacunas<\/strong><\/h2>\n<\/div><\/div><\/div><\/div>\n\n<div class=\"grow-wordpress-block core-paragraph\"><div class=\"block-content\"><div class=\"block-wrapper\"><div class=\"content-wrapper\">\n<p class=\"has-no-background\">La sospecha de Cigarroa se convirti\u00f3 en convicci\u00f3n al ver lo lenta que era la llegada de vacunas a Laredo. Empez\u00f3 entonces a cuestionar si el factor racial influ\u00eda en la decisi\u00f3n de los legisladores estatales republicanos de asignar muchas m\u00e1s dosis de vacunas al Lubbock County, un condado cercano con una densidad de poblaci\u00f3n similar, pero proporcionalmente mucha menos poblaci\u00f3n de origen latino. \u201c\u00bfAcaso volvimos a [los tiempos de] MALDEF y la discriminaci\u00f3n?\u201d, pregunt\u00f3 en el <em>New York Times<\/em>, haciendo referencia a la historia de racismo m\u00e9dico en Texas que deriv\u00f3 en la creaci\u00f3n del Fondo Educativo y de Defensa Legal Mexico-Estadounidense en los a\u00f1os sesenta. Los funcionarios estatales insistieron en que las vacunas asignadas a Laredo depend\u00edan de la cantidad de personal m\u00e9dico de la ciudad, pues ciudades m\u00e1s peque\u00f1as o de igual tama\u00f1o, pero con una mayor densidad de trabajadores sanitarios, recibieron hasta cinco veces m\u00e1s vacunas. En pocas palabras, Laredo recibi\u00f3 un doble castigo por falta de buenos servicios de salud.<\/p>\n<\/div><\/div><\/div><\/div>\n\n<div class=\"grow-wordpress-block core-image\"><div class=\"block-content\"><div class=\"block-wrapper\"><div class=\"content-wrapper\">\n<div class=\"wp-block-image\"><figure class=\"alignright size-large\"><img loading=\"lazy\" decoding=\"async\" width=\"1024\" height=\"1024\" src=\"https:\/\/www.growbyginkgo.com\/wp-content\/uploads\/2022\/01\/03-Lourdes-1024x1024.jpg\" alt=\"\" class=\"wp-image-4329\" srcset=\"https:\/\/www.growbyginkgo.com\/wp-content\/uploads\/2022\/01\/03-Lourdes-1024x1024.jpg 1024w, https:\/\/www.growbyginkgo.com\/wp-content\/uploads\/2022\/01\/03-Lourdes-300x300.jpg 300w, https:\/\/www.growbyginkgo.com\/wp-content\/uploads\/2022\/01\/03-Lourdes-150x150.jpg 150w, https:\/\/www.growbyginkgo.com\/wp-content\/uploads\/2022\/01\/03-Lourdes-768x768.jpg 768w, https:\/\/www.growbyginkgo.com\/wp-content\/uploads\/2022\/01\/03-Lourdes-1536x1536.jpg 1536w, https:\/\/www.growbyginkgo.com\/wp-content\/uploads\/2022\/01\/03-Lourdes-2048x2048.jpg 2048w, https:\/\/www.growbyginkgo.com\/wp-content\/uploads\/2022\/01\/03-Lourdes-295x295.jpg 295w, https:\/\/www.growbyginkgo.com\/wp-content\/uploads\/2022\/01\/03-Lourdes-590x590.jpg 590w\" sizes=\"auto, (max-width: 1024px) 100vw, 1024px\" \/><figcaption>Lourdes de Le\u00f3n en su casa de Nuevo Laredo, M\u00e9xico, con sus dos hijos. De Le\u00f3n ha desempe\u00f1ado un papel muy activo durante la pandemia, proveyendo alimentos, medicamentos y asistencia a personas infectadas de Covid-19.<\/figcaption><\/figure><\/div>\n<\/div><\/div><\/div><\/div>\n\n<div class=\"grow-wordpress-block core-paragraph\"><div class=\"block-content\"><div class=\"block-wrapper\"><div class=\"content-wrapper\">\n<p class=\"has-no-background\">Ante la intensidad de las protestas, a mediados de marzo de 2021 el gobierno estatal aument\u00f3 la cantidad de vacunas asignadas a Laredo. Para entonces, ya era posible vacunarse sin cita previa en los centros comerciales, los supermercados, las farmacias y las escuelas de la ciudad. De hecho, a la fecha tiene una de las tasas de vacunaci\u00f3n m\u00e1s altas de Texas, pues m\u00e1s de 60% de los residentes elegibles se han vacunado. Desde El Paso hasta Brownsville, los condados de la frontera en general superan los promedios estatales de vacunaci\u00f3n.<\/p>\n<\/div><\/div><\/div><\/div>\n\n<div class=\"grow-wordpress-block core-paragraph\"><div class=\"block-content\"><div class=\"block-wrapper\"><div class=\"content-wrapper\">\n<p class=\"has-no-background\">Por su parte, la distribuci\u00f3n de vacunas en M\u00e9xico ha sido lenta e irregular. Para finales de agosto de 2021, casi 30% de la poblaci\u00f3n ten\u00eda su esquema de vacunaci\u00f3n completo, en comparaci\u00f3n con 50% de la poblaci\u00f3n estadounidense. El gobierno mexicano adquiri\u00f3 una amplia gama de vacunas, incluyendo las de Pfizer, Johnson &amp; Johnson, Sinovac, AstraZeneca y Sputnik V. A distintos grupos etarios se les asignaron vacunas de distintas farmac\u00e9uticas, sin que pudieran elegir cu\u00e1l recib\u00edan. En la actualidad, el pa\u00eds sigue vacunando a los mayores de edad, pero las cifras de casos positivos no dejan de ir en aumento. Los hospitales est\u00e1n saturados en algunos estados. Y en Nuevo Laredo las escuelas reabrieron el 30 de agosto de 2021, a pesar de la gran incertidumbre provocada por la tercera oleada de casos de variantes alfa, gamma y delta.<\/p>\n<\/div><\/div><\/div><\/div>\n\n<div class=\"grow-wordpress-block core-paragraph\"><div class=\"block-content\"><div class=\"block-wrapper\"><div class=\"content-wrapper\">\n<p class=\"has-no-background\">La distribuci\u00f3n de vacunas <em>al interior<\/em> de M\u00e9xico tambi\u00e9n ha sido desigual. En los estados de Chiapas y Oaxaca, que son de los m\u00e1s pobres, se ha inoculado a menos de 50% de la poblaci\u00f3n, mientras que en los estados del norte que colindan con Estados Unidos, como Baja California y Tamaulipas, se ha vacunado a 70% de los adultos (para agosto de 2021). Los empleados del sector salud fueron los primeros en recibir la vacuna, seg\u00fan el plan nacional de vacunaci\u00f3n que arranc\u00f3 a finales de diciembre de 2020. Sin embargo, los empleados de hospitales privados (que, en el disparejo sistema sanitario mexicano, atienden a gente de todas las clases sociales) no estuvieron incluidos en ese plan, lo que gener\u00f3 indignaci\u00f3n entre personal m\u00e9dico y de enfermer\u00eda, y desencaden\u00f3 una conversaci\u00f3n m\u00e1s amplia sobre la equidad en la distribuci\u00f3n de vacunas. El 19 de abril de 2021, el personal de salud de Nuevo Laredo, tanto de centros privados como p\u00fablicos, realiz\u00f3 una protesta pac\u00edfica para exigir que se les vacunara. Al momento de la elaboraci\u00f3n de este art\u00edculo, Nuevo Laredo segu\u00eda sin vacunar a todo el personal de salud, mientras que Laredo, Texas, hac\u00eda hasta lo imposible por convencer a los esc\u00e9pticos antivacunas.<\/p>\n<\/div><\/div><\/div><\/div>\n\n<div class=\"grow-wordpress-block core-paragraph\"><div class=\"block-content\"><div class=\"block-wrapper\"><div class=\"content-wrapper\">\n<p class=\"has-no-background\">Aunque la frontera terrestre siga cerrada, es posible viajar a M\u00e9xico en avi\u00f3n; no obstante, la posibilidad de realizar estos viajes est\u00e1 determinada por la clase social: los mexicanos pudientes viajan apenas un d\u00eda a ciudades como Houston, Dallas y San Antonio, o incluso a ciudades fronterizas como McAllen y Laredo, para vacunarse contra la Covid-19. Mientras tanto, la mayor\u00eda de la poblaci\u00f3n de Nuevo Laredo no tiene para pagar un boleto de avi\u00f3n e ir a vacunarse del otro lado de la frontera, a pesar de vivir a unos cuantos kil\u00f3metros de su vecino del norte.<\/p>\n<\/div><\/div><\/div><\/div>\n\n<div class=\"grow-wordpress-block core-paragraph\"><div class=\"block-content\"><div class=\"block-wrapper\"><div class=\"content-wrapper\">\n<p class=\"has-no-background\">Estados Unidos tiene un gran inter\u00e9s en acelerar la distribuci\u00f3n de vacunas en M\u00e9xico, por lo que, a finales de marzo de 2021, le concedi\u00f3 a M\u00e9xico 2.7 millones de dosis de AstraZeneca en calidad de pr\u00e9stamo, pues para entonces no hab\u00eda obtenido la autorizaci\u00f3n de la FDA para su uso de emergencia. A pesar de haber sido una muestra de diplomacia generosa, tambi\u00e9n ejemplifica la relaci\u00f3n asim\u00e9trica entre pa\u00edses ricos y naciones con ingresos medios a bajos durante la carrera mundial para contener el virus. Algunos pa\u00edses tienen suficientes dosis como para cederlas o para usarlas como refuerzos, mientras que otros siguen luchando por obtener la primera dosis para proteger a sus poblaciones m\u00e1s vulnerables.<\/p>\n<\/div><\/div><\/div><\/div>\n\n<div class=\"grow-wordpress-block core-paragraph\"><div class=\"block-content\"><div class=\"block-wrapper\"><div class=\"content-wrapper\">\n<p class=\"has-no-background\">Para finales de 2021, Estados Unidos coopt\u00f3 un excedente de hasta mil millones de dosis, por lo que el presidente Joe Biden se comprometi\u00f3 a compartir 80 millones de dosis con el resto del mundo, pero eso no cubre la demanda existente. En julio, el director general de la Organizaci\u00f3n Mundial de la Salud, Tedros Adhanom Ghebreyesus, critic\u00f3 el \u201cescandaloso desequilibrio\u201d en la distribuci\u00f3n de vacunas a nivel mundial y el \u201cfracaso moral catastr\u00f3fico\u201d de quienes las acaparan. Para julio de 2021, se hab\u00edan distribuido m\u00e1s de 3.5 mil millones de dosis a nivel mundial, pero m\u00e1s de 75% quedaron en manos de apenas 10 pa\u00edses.<\/p>\n<\/div><\/div><\/div><\/div>\n\n<div class=\"grow-wordpress-block core-paragraph\"><div class=\"block-content\"><div class=\"block-wrapper\"><div class=\"content-wrapper\">\n<p class=\"has-no-background\">Para promover la reapertura de fronteras, Estados Unidos don\u00f3 1.35 millones de dosis de la vacuna Johnson &amp; Johnson a 39 ciudades fronterizas, desde Tijuana hasta Reinosa. Los dos pa\u00edses han estado negociando la reapertura de la frontera, pero la fecha definitiva sigue posterg\u00e1ndose.<\/p>\n<\/div><\/div><\/div><\/div>\n\n<div class=\"grow-wordpress-block core-paragraph\"><div class=\"block-content\"><div class=\"block-wrapper\"><div class=\"content-wrapper\">\n<p class=\"has-no-background\">Y es que la decisi\u00f3n es tanto pol\u00edtica como sanitaria. El triunfo de Biden reaviv\u00f3 las esperanzas de los migrantes y los solicitantes de asilo que estaban en un limbo en la frontera sur. Al asumir la presidencia, Biden puso fin a la pol\u00edtica trumpiana de \u201cQu\u00e9dense en M\u00e9xico\u201d, la cual el expresidente implement\u00f3 en 2019 para obligar a 71,000 personas que esperaban el proceso de asilo en M\u00e9xico a que se quedaran varadas en condiciones precarias y peligrosas. No obstante, el programa fue reestablecido al poco tiempo. Entre las cifras crecientes de personas que llegaron a la frontera sur de Estados Unidos y la demanda impuesta por los gobiernos de Texas y Missouri en contra de la administraci\u00f3n de Biden por haber derogado aquella pol\u00edtica, la Suprema Corte de Justicia orden\u00f3 su reinstauraci\u00f3n a finales de agosto. El mensaje del gobierno estadounidense a los migrantes sigue siendo muy claro: \u201cNo vengan\u201d.<\/p>\n<\/div><\/div><\/div><\/div>\n\n<div class=\"grow-wordpress-block core-pullquote\"><div class=\"block-content\"><div class=\"block-wrapper\"><div class=\"content-wrapper\">\n<figure class=\"wp-block-pullquote has-font-size-large\"><blockquote><p>Laredo recibi\u00f3 un doble castigo por la falta de buenos servicios de salud.<\/p><\/blockquote><\/figure>\n<\/div><\/div><\/div><\/div>\n\n<div class=\"grow-wordpress-block core-paragraph\"><div class=\"block-content\"><div class=\"block-wrapper\"><div class=\"content-wrapper\">\n<p class=\"has-no-background\">Hasta el momento, Biden ha mantenido la mayor\u00eda de las pol\u00edticas migratorias de su predecesor. Al parecer, los funcionarios del gobierno de Trump hicieron un trabajo legal muy prol\u00edfico para consagrar sus posturas r\u00edgidas en torno a la migraci\u00f3n. Por frustrante que les resulte a quienes hacen activismo en contra de ellas, la nueva administraci\u00f3n ha producido mucha ret\u00f3rica esperanzadora, pero muy pocas acciones legales contundentes. El gobierno de Biden ha mantenido tambi\u00e9n el T\u00edtulo 42 de Trump, una pol\u00edtica implementada el 20 de marzo de 2020 que permit\u00eda a los oficiales fronterizos de Estados Unidos expulsar a cientos de miles de adultos y ni\u00f1os migrantes sin el debido proceso ni esperanza alguna de darles asilo. Hoy en d\u00eda, esas personas deportadas se encuentran en albergues en ciudades fronterizas mexicanas, como Nuevo Laredo, donde el acceso a pruebas de Covid-19 o vacunas es muy limitado, esperando a que la frontera se vuelva a abrir y que les permitan abogar por su situaci\u00f3n. Estados Unidos, por su parte, sigue expulsando gente en masa, muchas veces sin asegurarse de que no est\u00e9n contagiadas, lo que agrava la tragedia en M\u00e9xico.<\/p>\n<\/div><\/div><\/div><\/div>\n\n<div class=\"grow-wordpress-block core-paragraph\"><div class=\"block-content\"><div class=\"block-wrapper\"><div class=\"content-wrapper\">\n<p class=\"has-no-background\">Ir\u00f3nicamente, esta crisis ha puesto de manifiesto con absoluta claridad lo interconectados que est\u00e1n ambos pa\u00edses. Rara vez se menciona en los medios que un porcentaje desproporcionado de los insignes trabajadores esenciales a quienes tanto loamos emigraron de M\u00e9xico o de pa\u00edses de Centroam\u00e9rica. Esos agricultores, empleados de restaurantes, repartidores, maquiladores y enfermeros han ayudado a mantener a Estados Unidos a flote durante las crisis, al tiempo que mantienen a sus familias en M\u00e9xico, puesto que el gobierno del pa\u00eds vecino no ha ofrecido apoyos a la poblaci\u00f3n que vive bajo el yugo de una econom\u00eda debilitada. En febrero de 2021, el total de remesas enviadas a M\u00e9xico ascendi\u00f3 a 3.174 mil millones de d\u00f3lares, la cifra m\u00e1s alta desde 1995, a\u00f1o en que se empez\u00f3 a llevar el registro.<\/p>\n<\/div><\/div><\/div><\/div>\n\n<div class=\"grow-wordpress-block core-paragraph\"><div class=\"block-content\"><div class=\"block-wrapper\"><div class=\"content-wrapper\">\n<p class=\"has-no-background\">Ese intento por apoyar m\u00e1s a sus familias ha tenido un costo brutal para los migrantes que han estado m\u00e1s expuestos al virus y han tenido menos acceso a servicios de salud. Al tener trabajos peligrosos y vivir hacinados por culpa de la gentrificaci\u00f3n, mucha de esta gente ha pagado el precio con su propia vida. Despu\u00e9s de a\u00f1os de contribuir a la econom\u00eda estadounidense, en el \u00faltimo a\u00f1o muchos de ellos cruzaron la frontera por \u00faltima vez y volvieron a su pa\u00eds de origen en urnas funerarias. Cuando la gente habla de los \u201cilegales\u201d, se est\u00e1 refiriendo a algunas de estas personas.<\/p>\n<\/div><\/div><\/div><\/div>\n\n<div class=\"grow-wordpress-block core-heading\"><div class=\"block-content\"><div class=\"block-wrapper\"><div class=\"content-wrapper\">\n<h2 class=\"wp-block-heading\" id=\"los-deportados\"><strong>Los deportados<\/strong><\/h2>\n<\/div><\/div><\/div><\/div>\n\n<div class=\"grow-wordpress-block core-paragraph\"><div class=\"block-content\"><div class=\"block-wrapper\"><div class=\"content-wrapper\">\n<p class=\"has-no-background\">Se est\u00e1 terminando la primavera, y las calles del pintoresco centro de Laredo, Texas, est\u00e1n tan vac\u00edas que la escena es escalofriante. Los negocios locales han padecido la ausencia de los clientes provenientes de M\u00e9xico.<\/p>\n<\/div><\/div><\/div><\/div>\n\n<div class=\"grow-wordpress-block core-image\"><div class=\"block-content\"><div class=\"block-wrapper\"><div class=\"content-wrapper\">\n<div class=\"wp-block-image\"><figure class=\"alignleft size-large\"><img loading=\"lazy\" decoding=\"async\" width=\"1024\" height=\"1024\" src=\"https:\/\/www.growbyginkgo.com\/wp-content\/uploads\/2022\/01\/02-Dr.-Ricardo-Cigarroa-1024x1024.jpg\" alt=\"\" class=\"wp-image-4325\" srcset=\"https:\/\/www.growbyginkgo.com\/wp-content\/uploads\/2022\/01\/02-Dr.-Ricardo-Cigarroa-1024x1024.jpg 1024w, https:\/\/www.growbyginkgo.com\/wp-content\/uploads\/2022\/01\/02-Dr.-Ricardo-Cigarroa-300x300.jpg 300w, https:\/\/www.growbyginkgo.com\/wp-content\/uploads\/2022\/01\/02-Dr.-Ricardo-Cigarroa-150x150.jpg 150w, https:\/\/www.growbyginkgo.com\/wp-content\/uploads\/2022\/01\/02-Dr.-Ricardo-Cigarroa-768x768.jpg 768w, https:\/\/www.growbyginkgo.com\/wp-content\/uploads\/2022\/01\/02-Dr.-Ricardo-Cigarroa-1536x1536.jpg 1536w, https:\/\/www.growbyginkgo.com\/wp-content\/uploads\/2022\/01\/02-Dr.-Ricardo-Cigarroa-2048x2048.jpg 2048w, https:\/\/www.growbyginkgo.com\/wp-content\/uploads\/2022\/01\/02-Dr.-Ricardo-Cigarroa-295x295.jpg 295w, https:\/\/www.growbyginkgo.com\/wp-content\/uploads\/2022\/01\/02-Dr.-Ricardo-Cigarroa-590x590.jpg 590w\" sizes=\"auto, (max-width: 1024px) 100vw, 1024px\" \/><figcaption>Ricardo Cigarroa, de pie afuera de su cl\u00ednica, en Laredo, Texas. Al doctor Cigarroa se le apod\u00f3 \u201cel doctor Fauci del sur de Texas\u201d por haber manifestado sus inquietudes frente al manejo gubernamental de la pandemia y por instar a la comunidad a tomar precauciones.<\/figcaption><\/figure><\/div>\n<\/div><\/div><\/div><\/div>\n\n<div class=\"grow-wordpress-block core-paragraph\"><div class=\"block-content\"><div class=\"block-wrapper\"><div class=\"content-wrapper\">\n<p class=\"has-no-background\">Hay productos que llevan meses en los estantes de tiendas cerradas, acumulando polvo, lo que le imprime un toque nost\u00e1lgico de sitio atrapado en el tiempo. Rebecca Solloa, directora ejecutiva de un albergue cat\u00f3lico, trabaja aqu\u00ed y vuelve a Nuevo Laredo todas las noches, donde la espera su nuevo esposo, H\u00e9ctor Sol. H\u00e9ctor no tiene permitido cruzar la frontera.<\/p>\n<\/div><\/div><\/div><\/div>\n\n<div class=\"grow-wordpress-block core-paragraph\"><div class=\"block-content\"><div class=\"block-wrapper\"><div class=\"content-wrapper\">\n<p class=\"has-no-background\">La historia de esta pareja empez\u00f3 hace m\u00e1s de 30 a\u00f1os, en San Antonio, Texas, donde salieron ocasionalmente hasta perder contacto. En 2019, tras a\u00f1os de distancia, Rebecca, quien segu\u00eda viviendo en Estados Unidos, tuvo la premonici\u00f3n de que H\u00e9ctor necesitaba ayuda, as\u00ed que lo contact\u00f3. Result\u00f3 entonces que H\u00e9ctor, que para entonces ten\u00eda 66 a\u00f1os, hab\u00eda sido deportado a Nuevo Laredo despu\u00e9s de pasar tres a\u00f1os en una prisi\u00f3n federal por haber reingresado a Estados Unidos de forma ilegal. Mantuvieron la comunicaci\u00f3n despu\u00e9s de esa primera llamada, y al poco tiempo decidieron que quer\u00edan estar juntos, as\u00ed que planearon casarse en Nuevo Laredo.<\/p>\n<\/div><\/div><\/div><\/div>\n\n<div class=\"grow-wordpress-block core-paragraph\"><div class=\"block-content\"><div class=\"block-wrapper\"><div class=\"content-wrapper\">\n<p class=\"has-no-background\">Pero la pandemia alter\u00f3 sus planes. H\u00e9ctor viv\u00eda solo y ten\u00eda poco trabajo, dinero y apoyo. Luego se contagi\u00f3 de Covid-19 y se enferm\u00f3 de gravedad, adem\u00e1s de no tener seguro m\u00e9dico. En t\u00e9rminos generales, vivir en M\u00e9xico le resultaba muy dif\u00edcil, pues hab\u00eda pasado casi toda su vida del otro lado y \u00e9se era el mundo que conoc\u00eda.<\/p>\n<\/div><\/div><\/div><\/div>\n\n<div class=\"grow-wordpress-block core-paragraph\"><div class=\"block-content\"><div class=\"block-wrapper\"><div class=\"content-wrapper\">\n<p class=\"has-no-background\">Casarse con Rebecca a principios de 2021 le brind\u00f3 cierto alivio. Ahora ella vive con \u00e9l en Nuevo Laredo, pero \u00e9l sigue extra\u00f1ando Estados Unidos. Anteriormente, cuando lo deportaban, H\u00e9ctor arriesgaba su vida para volver. Pero eso ya no parece posible. Un d\u00eda caluroso de mediados de mayo, mientras conduce por la orilla del R\u00edo Grande que lo separa de Rebecca, H\u00e9ctor me dice: \u201cSi cruzo, terminar\u00e9 otra vez en la c\u00e1rcel por ser tan necio\u201d. En Nuevo Laredo no tiene muchos familiares ni amigos. Toda su gente est\u00e1 del otro lado: sus hijos, su nieto, sus hermanos y hermanas, sus t\u00edos y sus sobrinas y sobrinos. Ni siquiera puede salir a pasear con su esposa del lado m\u00e1s privilegiado del muro fronterizo.<\/p>\n<\/div><\/div><\/div><\/div>\n\n<div class=\"grow-wordpress-block core-paragraph\"><div class=\"block-content\"><div class=\"block-wrapper\"><div class=\"content-wrapper\">\n<p class=\"has-no-background\">Rebecca s\u00f3lo pasa la mitad del d\u00eda en Estados Unidos, pero ese tiempo trae consigo privilegios espec\u00edficos. Por ejemplo, para mediados de marzo, ya ten\u00eda su esquema de vacunaci\u00f3n completo, mientras que H\u00e9ctor tuvo que esperar varios meses para recibir su primera dosis de la vacuna china Sinovac. Las diferencias de estatus legal generan tensiones en la relaci\u00f3n, seg\u00fan me explica Rebecca por tel\u00e9fono, desde su casa de Nuevo Laredo. Pero ella se niega a darse por vencida: \u201cSeguir\u00e9 luchando por \u00e9l y buscando todas las opciones legales para que vuelva a Estados Unidos\u201d. El hecho de que H\u00e9ctor est\u00e9 casado con una ciudadana estadounidense podr\u00eda ayudarlo en alg\u00fan momento. Y no ser\u00e1 f\u00e1cil, pero la vida de este lado de la frontera rara vez lo es.<\/p>\n<\/div><\/div><\/div><\/div>\n\n<div class=\"grow-wordpress-block core-paragraph\"><div class=\"block-content\"><div class=\"block-wrapper\"><div class=\"content-wrapper\">\n<p class=\"has-no-background\">\u201cNos queda un largo camino por delante\u201d, dice Rebecca mientras se prepara para ir a trabajar a Laredo, del otro lado del puente. Su esposo la acompa\u00f1a la mitad del trayecto, hasta donde tiene permitido llegar, y luego vuelve a casa, donde espera su regreso.<\/p>\n<\/div><\/div><\/div><\/div>\n\n<div class=\"grow-wordpress-block core-paragraph\"><div class=\"block-content\"><div class=\"block-wrapper\"><div class=\"content-wrapper\">\n<p class=\"has-no-background\"><em><a href=\"https:\/\/www.growbyginkgo.com\/es\/issue\/equity-es\/\">El n\u00famero de la equidad de GROW<\/a> fue publicado en octubre de 2021.<\/em> <em><em>Fotograf\u00edas originales, cortes\u00eda de Lorena R\u00edos.<\/em><\/em><\/p>\n<\/div><\/div><\/div><\/div>","protected":false},"excerpt":{"rendered":"<p>De c\u00f3mo los gobiernos de dos pa\u00edses le fallaron a una comunidad fronteriza<\/p>\n","protected":false},"author":93,"featured_media":4319,"comment_status":"closed","ping_status":"closed","sticky":false,"template":"","format":"standard","meta":{"_acf_changed":false,"apple_news_api_created_at":"","apple_news_api_id":"","apple_news_api_modified_at":"","apple_news_api_revision":"","apple_news_api_share_url":"","apple_news_coverimage":0,"apple_news_coverimage_caption":"","apple_news_is_hidden":false,"apple_news_is_paid":false,"apple_news_is_preview":false,"apple_news_is_sponsored":false,"apple_news_maturity_rating":"","apple_news_metadata":"\"\"","apple_news_pullquote":"","apple_news_pullquote_position":"","apple_news_slug":"","apple_news_sections":[],"apple_news_suppress_video_url":false,"apple_news_use_image_component":false,"footnotes":""},"categories":[337],"tags":[],"topics":[],"issue":[385],"coauthors":[371,284,356],"class_list":["post-4223","post","type-post","status-publish","format-standard","has-post-thumbnail","hentry","category-reportage-es","issue-equity-es"],"acf":[],"apple_news_notices":[],"yoast_head":"<!-- This site is optimized with the Yoast SEO plugin v22.7 - https:\/\/yoast.com\/wordpress\/plugins\/seo\/ -->\n<title>Historia de una ciudad<\/title>\n<meta name=\"robots\" content=\"index, follow, max-snippet:-1, max-image-preview:large, max-video-preview:-1\" \/>\n<link rel=\"canonical\" href=\"https:\/\/www.growbyginkgo.com\/es\/2022\/02\/17\/historia-de-una-ciudad\/\" \/>\n<meta property=\"og:locale\" content=\"es_ES\" \/>\n<meta property=\"og:type\" content=\"article\" \/>\n<meta property=\"og:title\" content=\"Historia de una ciudad\" \/>\n<meta property=\"og:description\" content=\"De c\u00f3mo los gobiernos de dos pa\u00edses le fallaron a una comunidad fronteriza\" \/>\n<meta property=\"og:url\" content=\"https:\/\/www.growbyginkgo.com\/es\/2022\/02\/17\/historia-de-una-ciudad\/\" \/>\n<meta property=\"og:site_name\" content=\"Grow by Ginkgo\" \/>\n<meta property=\"article:publisher\" content=\"https:\/\/www.facebook.com\/growbyginkgo\" \/>\n<meta property=\"article:published_time\" content=\"2022-02-17T14:44:45+00:00\" \/>\n<meta property=\"article:modified_time\" content=\"2022-02-18T15:52:00+00:00\" \/>\n<meta property=\"og:image\" content=\"https:\/\/www.growbyginkgo.com\/wp-content\/uploads\/2022\/01\/00-Spread-copy-scaled.jpg\" \/>\n\t<meta property=\"og:image:width\" content=\"2560\" \/>\n\t<meta property=\"og:image:height\" content=\"1752\" \/>\n\t<meta property=\"og:image:type\" content=\"image\/jpeg\" \/>\n<meta name=\"author\" content=\"Lorena R\u00edos, Israel Vargas, Ariadna Molinari Tato\" \/>\n<meta name=\"twitter:card\" content=\"summary_large_image\" \/>\n<meta name=\"twitter:creator\" content=\"@https:\/\/twitter.com\/riostlorena\" \/>\n<meta name=\"twitter:site\" content=\"@growbyginkgo\" \/>\n<meta name=\"twitter:label1\" content=\"Escrito por\" \/>\n\t<meta name=\"twitter:data1\" content=\"Lorena R\u00edos\" \/>\n\t<meta name=\"twitter:label2\" content=\"Tiempo de lectura\" \/>\n\t<meta name=\"twitter:data2\" content=\"23 minutos\" \/>\n\t<meta name=\"twitter:label3\" content=\"Written by\" \/>\n\t<meta name=\"twitter:data3\" content=\"Lorena R\u00edos, Israel Vargas, Ariadna Molinari Tato\" \/>\n<script type=\"application\/ld+json\" class=\"yoast-schema-graph\">{\"@context\":\"https:\/\/schema.org\",\"@graph\":[{\"@type\":\"Article\",\"@id\":\"https:\/\/www.growbyginkgo.com\/es\/2022\/02\/17\/historia-de-una-ciudad\/#article\",\"isPartOf\":{\"@id\":\"https:\/\/www.growbyginkgo.com\/es\/2022\/02\/17\/historia-de-una-ciudad\/\"},\"author\":{\"name\":\"Lorena R\u00edos\",\"@id\":\"https:\/\/www.growbyginkgo.com\/es\/#\/schema\/person\/097915f6cebea54ce076cd1e9bfd7bd9\"},\"headline\":\"Historia de una ciudad\",\"datePublished\":\"2022-02-17T14:44:45+00:00\",\"dateModified\":\"2022-02-18T15:52:00+00:00\",\"mainEntityOfPage\":{\"@id\":\"https:\/\/www.growbyginkgo.com\/es\/2022\/02\/17\/historia-de-una-ciudad\/\"},\"wordCount\":5397,\"publisher\":{\"@id\":\"https:\/\/www.growbyginkgo.com\/es\/#organization\"},\"image\":{\"@id\":\"https:\/\/www.growbyginkgo.com\/es\/2022\/02\/17\/historia-de-una-ciudad\/#primaryimage\"},\"thumbnailUrl\":\"https:\/\/www.growbyginkgo.com\/wp-content\/uploads\/2022\/01\/00-Spread-copy-scaled.jpg\",\"articleSection\":[\"Reportaje\"],\"inLanguage\":\"es\"},{\"@type\":\"WebPage\",\"@id\":\"https:\/\/www.growbyginkgo.com\/es\/2022\/02\/17\/historia-de-una-ciudad\/\",\"url\":\"https:\/\/www.growbyginkgo.com\/es\/2022\/02\/17\/historia-de-una-ciudad\/\",\"name\":\"Historia de una ciudad\",\"isPartOf\":{\"@id\":\"https:\/\/www.growbyginkgo.com\/es\/#website\"},\"primaryImageOfPage\":{\"@id\":\"https:\/\/www.growbyginkgo.com\/es\/2022\/02\/17\/historia-de-una-ciudad\/#primaryimage\"},\"image\":{\"@id\":\"https:\/\/www.growbyginkgo.com\/es\/2022\/02\/17\/historia-de-una-ciudad\/#primaryimage\"},\"thumbnailUrl\":\"https:\/\/www.growbyginkgo.com\/wp-content\/uploads\/2022\/01\/00-Spread-copy-scaled.jpg\",\"datePublished\":\"2022-02-17T14:44:45+00:00\",\"dateModified\":\"2022-02-18T15:52:00+00:00\",\"breadcrumb\":{\"@id\":\"https:\/\/www.growbyginkgo.com\/es\/2022\/02\/17\/historia-de-una-ciudad\/#breadcrumb\"},\"inLanguage\":\"es\",\"potentialAction\":[{\"@type\":\"ReadAction\",\"target\":[\"https:\/\/www.growbyginkgo.com\/es\/2022\/02\/17\/historia-de-una-ciudad\/\"]}]},{\"@type\":\"ImageObject\",\"inLanguage\":\"es\",\"@id\":\"https:\/\/www.growbyginkgo.com\/es\/2022\/02\/17\/historia-de-una-ciudad\/#primaryimage\",\"url\":\"https:\/\/www.growbyginkgo.com\/wp-content\/uploads\/2022\/01\/00-Spread-copy-scaled.jpg\",\"contentUrl\":\"https:\/\/www.growbyginkgo.com\/wp-content\/uploads\/2022\/01\/00-Spread-copy-scaled.jpg\",\"width\":2560,\"height\":1752},{\"@type\":\"BreadcrumbList\",\"@id\":\"https:\/\/www.growbyginkgo.com\/es\/2022\/02\/17\/historia-de-una-ciudad\/#breadcrumb\",\"itemListElement\":[{\"@type\":\"ListItem\",\"position\":1,\"name\":\"Home\",\"item\":\"https:\/\/www.growbyginkgo.com\/es\/\"},{\"@type\":\"ListItem\",\"position\":2,\"name\":\"Historia de una ciudad\"}]},{\"@type\":\"WebSite\",\"@id\":\"https:\/\/www.growbyginkgo.com\/es\/#website\",\"url\":\"https:\/\/www.growbyginkgo.com\/es\/\",\"name\":\"Grow by Ginkgo\",\"description\":\"A Magazine About Synthetic Biology\",\"publisher\":{\"@id\":\"https:\/\/www.growbyginkgo.com\/es\/#organization\"},\"potentialAction\":[{\"@type\":\"SearchAction\",\"target\":{\"@type\":\"EntryPoint\",\"urlTemplate\":\"https:\/\/www.growbyginkgo.com\/es\/?s={search_term_string}\"},\"query-input\":\"required name=search_term_string\"}],\"inLanguage\":\"es\"},{\"@type\":\"Organization\",\"@id\":\"https:\/\/www.growbyginkgo.com\/es\/#organization\",\"name\":\"Grow by Ginkgo\",\"url\":\"https:\/\/www.growbyginkgo.com\/es\/\",\"logo\":{\"@type\":\"ImageObject\",\"inLanguage\":\"es\",\"@id\":\"https:\/\/www.growbyginkgo.com\/es\/#\/schema\/logo\/image\/\",\"url\":\"https:\/\/www.growbyginkgo.com\/wp-content\/uploads\/2023\/05\/Grow-logo.png\",\"contentUrl\":\"https:\/\/www.growbyginkgo.com\/wp-content\/uploads\/2023\/05\/Grow-logo.png\",\"width\":500,\"height\":500,\"caption\":\"Grow by Ginkgo\"},\"image\":{\"@id\":\"https:\/\/www.growbyginkgo.com\/es\/#\/schema\/logo\/image\/\"},\"sameAs\":[\"https:\/\/www.facebook.com\/growbyginkgo\",\"https:\/\/x.com\/growbyginkgo\",\"https:\/\/www.linkedin.com\/company\/grow-by-ginkgo\/\"]},{\"@type\":\"Person\",\"@id\":\"https:\/\/www.growbyginkgo.com\/es\/#\/schema\/person\/097915f6cebea54ce076cd1e9bfd7bd9\",\"name\":\"Lorena R\u00edos\",\"image\":{\"@type\":\"ImageObject\",\"inLanguage\":\"es\",\"@id\":\"https:\/\/www.growbyginkgo.com\/es\/#\/schema\/person\/image\/85c106c2f9d22bf430fa590534a2f4f3\",\"url\":\"https:\/\/secure.gravatar.com\/avatar\/6731bab889583a6771545761cd4f3e22b6a174433014c37f3d170c0faa18beee?s=96&d=mm&r=g\",\"contentUrl\":\"https:\/\/secure.gravatar.com\/avatar\/6731bab889583a6771545761cd4f3e22b6a174433014c37f3d170c0faa18beee?s=96&d=mm&r=g\",\"caption\":\"Lorena R\u00edos\"},\"description\":\"is a multimedia journalist currently based in Mexico City. She covers immigration, inequality, and human rights from different countries including Egypt, Turkey, the United States, and now Mexico. Her work has appeared in publications like Bloomberg, CNN, Slate, and VICE, among others.\",\"sameAs\":[\"https:\/\/muckrack.com\/lorena-rios\/portfolio\",\"https:\/\/x.com\/https:\/\/twitter.com\/riostlorena\"],\"url\":\"https:\/\/www.growbyginkgo.com\/es\/author\/lrios\/\"}]}<\/script>\n<!-- \/ Yoast SEO plugin. -->","yoast_head_json":{"title":"Historia de una ciudad","robots":{"index":"index","follow":"follow","max-snippet":"max-snippet:-1","max-image-preview":"max-image-preview:large","max-video-preview":"max-video-preview:-1"},"canonical":"https:\/\/www.growbyginkgo.com\/es\/2022\/02\/17\/historia-de-una-ciudad\/","og_locale":"es_ES","og_type":"article","og_title":"Historia de una ciudad","og_description":"De c\u00f3mo los gobiernos de dos pa\u00edses le fallaron a una comunidad fronteriza","og_url":"https:\/\/www.growbyginkgo.com\/es\/2022\/02\/17\/historia-de-una-ciudad\/","og_site_name":"Grow by Ginkgo","article_publisher":"https:\/\/www.facebook.com\/growbyginkgo","article_published_time":"2022-02-17T14:44:45+00:00","article_modified_time":"2022-02-18T15:52:00+00:00","og_image":[{"width":2560,"height":1752,"url":"https:\/\/www.growbyginkgo.com\/wp-content\/uploads\/2022\/01\/00-Spread-copy-scaled.jpg","type":"image\/jpeg"}],"author":"Lorena R\u00edos, Israel Vargas, Ariadna Molinari Tato","twitter_card":"summary_large_image","twitter_creator":"@https:\/\/twitter.com\/riostlorena","twitter_site":"@growbyginkgo","twitter_misc":{"Escrito por":"Lorena R\u00edos","Tiempo de lectura":"23 minutos","Written by":"Lorena R\u00edos, Israel Vargas, Ariadna Molinari Tato"},"schema":{"@context":"https:\/\/schema.org","@graph":[{"@type":"Article","@id":"https:\/\/www.growbyginkgo.com\/es\/2022\/02\/17\/historia-de-una-ciudad\/#article","isPartOf":{"@id":"https:\/\/www.growbyginkgo.com\/es\/2022\/02\/17\/historia-de-una-ciudad\/"},"author":{"name":"Lorena R\u00edos","@id":"https:\/\/www.growbyginkgo.com\/es\/#\/schema\/person\/097915f6cebea54ce076cd1e9bfd7bd9"},"headline":"Historia de una ciudad","datePublished":"2022-02-17T14:44:45+00:00","dateModified":"2022-02-18T15:52:00+00:00","mainEntityOfPage":{"@id":"https:\/\/www.growbyginkgo.com\/es\/2022\/02\/17\/historia-de-una-ciudad\/"},"wordCount":5397,"publisher":{"@id":"https:\/\/www.growbyginkgo.com\/es\/#organization"},"image":{"@id":"https:\/\/www.growbyginkgo.com\/es\/2022\/02\/17\/historia-de-una-ciudad\/#primaryimage"},"thumbnailUrl":"https:\/\/www.growbyginkgo.com\/wp-content\/uploads\/2022\/01\/00-Spread-copy-scaled.jpg","articleSection":["Reportaje"],"inLanguage":"es"},{"@type":"WebPage","@id":"https:\/\/www.growbyginkgo.com\/es\/2022\/02\/17\/historia-de-una-ciudad\/","url":"https:\/\/www.growbyginkgo.com\/es\/2022\/02\/17\/historia-de-una-ciudad\/","name":"Historia de una ciudad","isPartOf":{"@id":"https:\/\/www.growbyginkgo.com\/es\/#website"},"primaryImageOfPage":{"@id":"https:\/\/www.growbyginkgo.com\/es\/2022\/02\/17\/historia-de-una-ciudad\/#primaryimage"},"image":{"@id":"https:\/\/www.growbyginkgo.com\/es\/2022\/02\/17\/historia-de-una-ciudad\/#primaryimage"},"thumbnailUrl":"https:\/\/www.growbyginkgo.com\/wp-content\/uploads\/2022\/01\/00-Spread-copy-scaled.jpg","datePublished":"2022-02-17T14:44:45+00:00","dateModified":"2022-02-18T15:52:00+00:00","breadcrumb":{"@id":"https:\/\/www.growbyginkgo.com\/es\/2022\/02\/17\/historia-de-una-ciudad\/#breadcrumb"},"inLanguage":"es","potentialAction":[{"@type":"ReadAction","target":["https:\/\/www.growbyginkgo.com\/es\/2022\/02\/17\/historia-de-una-ciudad\/"]}]},{"@type":"ImageObject","inLanguage":"es","@id":"https:\/\/www.growbyginkgo.com\/es\/2022\/02\/17\/historia-de-una-ciudad\/#primaryimage","url":"https:\/\/www.growbyginkgo.com\/wp-content\/uploads\/2022\/01\/00-Spread-copy-scaled.jpg","contentUrl":"https:\/\/www.growbyginkgo.com\/wp-content\/uploads\/2022\/01\/00-Spread-copy-scaled.jpg","width":2560,"height":1752},{"@type":"BreadcrumbList","@id":"https:\/\/www.growbyginkgo.com\/es\/2022\/02\/17\/historia-de-una-ciudad\/#breadcrumb","itemListElement":[{"@type":"ListItem","position":1,"name":"Home","item":"https:\/\/www.growbyginkgo.com\/es\/"},{"@type":"ListItem","position":2,"name":"Historia de una ciudad"}]},{"@type":"WebSite","@id":"https:\/\/www.growbyginkgo.com\/es\/#website","url":"https:\/\/www.growbyginkgo.com\/es\/","name":"Grow by Ginkgo","description":"A Magazine About Synthetic Biology","publisher":{"@id":"https:\/\/www.growbyginkgo.com\/es\/#organization"},"potentialAction":[{"@type":"SearchAction","target":{"@type":"EntryPoint","urlTemplate":"https:\/\/www.growbyginkgo.com\/es\/?s={search_term_string}"},"query-input":"required name=search_term_string"}],"inLanguage":"es"},{"@type":"Organization","@id":"https:\/\/www.growbyginkgo.com\/es\/#organization","name":"Grow by Ginkgo","url":"https:\/\/www.growbyginkgo.com\/es\/","logo":{"@type":"ImageObject","inLanguage":"es","@id":"https:\/\/www.growbyginkgo.com\/es\/#\/schema\/logo\/image\/","url":"https:\/\/www.growbyginkgo.com\/wp-content\/uploads\/2023\/05\/Grow-logo.png","contentUrl":"https:\/\/www.growbyginkgo.com\/wp-content\/uploads\/2023\/05\/Grow-logo.png","width":500,"height":500,"caption":"Grow by Ginkgo"},"image":{"@id":"https:\/\/www.growbyginkgo.com\/es\/#\/schema\/logo\/image\/"},"sameAs":["https:\/\/www.facebook.com\/growbyginkgo","https:\/\/x.com\/growbyginkgo","https:\/\/www.linkedin.com\/company\/grow-by-ginkgo\/"]},{"@type":"Person","@id":"https:\/\/www.growbyginkgo.com\/es\/#\/schema\/person\/097915f6cebea54ce076cd1e9bfd7bd9","name":"Lorena R\u00edos","image":{"@type":"ImageObject","inLanguage":"es","@id":"https:\/\/www.growbyginkgo.com\/es\/#\/schema\/person\/image\/85c106c2f9d22bf430fa590534a2f4f3","url":"https:\/\/secure.gravatar.com\/avatar\/6731bab889583a6771545761cd4f3e22b6a174433014c37f3d170c0faa18beee?s=96&d=mm&r=g","contentUrl":"https:\/\/secure.gravatar.com\/avatar\/6731bab889583a6771545761cd4f3e22b6a174433014c37f3d170c0faa18beee?s=96&d=mm&r=g","caption":"Lorena R\u00edos"},"description":"is a multimedia journalist currently based in Mexico City. She covers immigration, inequality, and human rights from different countries including Egypt, Turkey, the United States, and now Mexico. Her work has appeared in publications like Bloomberg, CNN, Slate, and VICE, among others.","sameAs":["https:\/\/muckrack.com\/lorena-rios\/portfolio","https:\/\/x.com\/https:\/\/twitter.com\/riostlorena"],"url":"https:\/\/www.growbyginkgo.com\/es\/author\/lrios\/"}]}},"_links":{"self":[{"href":"https:\/\/www.growbyginkgo.com\/es\/wp-json\/wp\/v2\/posts\/4223","targetHints":{"allow":["GET"]}}],"collection":[{"href":"https:\/\/www.growbyginkgo.com\/es\/wp-json\/wp\/v2\/posts"}],"about":[{"href":"https:\/\/www.growbyginkgo.com\/es\/wp-json\/wp\/v2\/types\/post"}],"author":[{"embeddable":true,"href":"https:\/\/www.growbyginkgo.com\/es\/wp-json\/wp\/v2\/users\/93"}],"replies":[{"embeddable":true,"href":"https:\/\/www.growbyginkgo.com\/es\/wp-json\/wp\/v2\/comments?post=4223"}],"version-history":[{"count":0,"href":"https:\/\/www.growbyginkgo.com\/es\/wp-json\/wp\/v2\/posts\/4223\/revisions"}],"wp:featuredmedia":[{"embeddable":true,"href":"https:\/\/www.growbyginkgo.com\/es\/wp-json\/wp\/v2\/media\/4319"}],"wp:attachment":[{"href":"https:\/\/www.growbyginkgo.com\/es\/wp-json\/wp\/v2\/media?parent=4223"}],"wp:term":[{"taxonomy":"category","embeddable":true,"href":"https:\/\/www.growbyginkgo.com\/es\/wp-json\/wp\/v2\/categories?post=4223"},{"taxonomy":"post_tag","embeddable":true,"href":"https:\/\/www.growbyginkgo.com\/es\/wp-json\/wp\/v2\/tags?post=4223"},{"taxonomy":"topics","embeddable":true,"href":"https:\/\/www.growbyginkgo.com\/es\/wp-json\/wp\/v2\/topics?post=4223"},{"taxonomy":"issue","embeddable":true,"href":"https:\/\/www.growbyginkgo.com\/es\/wp-json\/wp\/v2\/issue?post=4223"},{"taxonomy":"author","embeddable":true,"href":"https:\/\/www.growbyginkgo.com\/es\/wp-json\/wp\/v2\/coauthors?post=4223"}],"curies":[{"name":"wp","href":"https:\/\/api.w.org\/{rel}","templated":true}]}}